{"id":2872,"date":"2026-08-31T01:50:52","date_gmt":"2026-08-31T01:50:52","guid":{"rendered":"https:\/\/fatacil.pt\/?p=2872"},"modified":"2026-08-31T01:50:53","modified_gmt":"2026-08-31T01:50:53","slug":"fatacil-despede-se-de-2026-e-ja-tem-encontro-marcado-para-2027","status":"publish","type":"post","link":"https:\/\/fatacil.pt\/en\/fatacil-despede-se-de-2026-e-ja-tem-encontro-marcado-para-2027\/","title":{"rendered":"FATACIL despede-se de 2026 e j\u00e1 tem encontro marcado para 2027"},"content":{"rendered":"\n<p class=\"wp-block-paragraph\">A <strong>45.\u00aa edi\u00e7\u00e3o da FATACIL chegou ao fim<\/strong> depois de dez dias intensos em que Lagoa voltou a ser ponto de encontro de milhares de pessoas, numa celebra\u00e7\u00e3o da tradi\u00e7\u00e3o, cultura, artesanato, agricultura, com\u00e9rcio, ind\u00fastria, gastronomia, m\u00fasica e entretenimento.<\/p>\n\n\n\n<p class=\"wp-block-paragraph\">Entre <strong>21 e 30 de agosto, alcan\u00e7\u00e1mos mais de 200 mil visitantes no nosso evento<\/strong>, um n\u00famero que refor\u00e7a a dimens\u00e3o da FATACIL e a sua import\u00e2ncia enquanto um dos maiores certames do sul do pa\u00eds.<\/p>\n\n\n\n<p class=\"wp-block-paragraph\">Ao longo dos dez dias, o Parque Municipal de Feiras e Exposi\u00e7\u00f5es de Lagoa recebeu visitantes de diferentes pontos do Algarve, do pa\u00eds e tamb\u00e9m do estrangeiro, num espa\u00e7o onde diferentes gera\u00e7\u00f5es se encontraram e onde foi poss\u00edvel descobrir, experimentar e viver tudo aquilo que faz parte da identidade da FATACIL.<\/p>\n\n\n\n<p class=\"wp-block-paragraph\">Mais do que um certame, a FATACIL \u00e9 feita de experi\u00eancias.<\/p>\n\n\n\n<p class=\"wp-block-paragraph\">\u00c9 o artesanato e o saber-fazer que atravessa gera\u00e7\u00f5es. \u00c9 o contacto com os produtores e com as empresas. S\u00e3o os sabores e os produtos da nossa regi\u00e3o. \u00c9 o mundo rural e equestre. S\u00e3o as fam\u00edlias, os amigos, os encontros e os reencontros.<\/p>\n\n\n\n<p class=\"wp-block-paragraph\">\u00c9 tamb\u00e9m um espa\u00e7o que junta tradi\u00e7\u00e3o e modernidade e que, ano ap\u00f3s ano, continua a afirmar Lagoa e o Algarve como territ\u00f3rio de encontro, cultura e dinamismo.<\/p>\n\n\n\n<p class=\"wp-block-paragraph\">Esta foi igualmente uma edi\u00e7\u00e3o marcada por alguns momentos desafiantes, nomeadamente devido \u00e0s condi\u00e7\u00f5es meteorol\u00f3gicas. Ainda assim, a FATACIL manteve a sua din\u00e2mica, os visitantes continuaram a marcar presen\u00e7a e o recinto voltou a encher-se de vida ao longo dos dez dias.<\/p>\n\n\n\n<p class=\"wp-block-paragraph\">No final desta 45.\u00aa edi\u00e7\u00e3o, <strong>mais de 200 mil pessoas viveram a FATACIL 2026<\/strong>.<\/p>\n\n\n\n<p class=\"wp-block-paragraph\">Um resultado que nos deixa orgulhosos e que s\u00f3 foi poss\u00edvel gra\u00e7as ao trabalho, dedica\u00e7\u00e3o e envolvimento de centenas de pessoas.<\/p>\n\n\n\n<p class=\"wp-block-paragraph\">A organiza\u00e7\u00e3o agradece a todos os <strong>expositores, artes\u00e3os, produtores, parceiros, patrocinadores, entidades, for\u00e7as de seguran\u00e7a, prote\u00e7\u00e3o civil, equipas de emerg\u00eancia, trabalhadores, t\u00e9cnicos, fornecedores e colaboradores<\/strong> que diariamente contribu\u00edram para que tudo acontecesse.<\/p>\n\n\n\n<p class=\"wp-block-paragraph\">E, acima de tudo, agradecemos a quem esteve desse lado e escolheu fazer parte desta edi\u00e7\u00e3o.<\/p>\n\n\n\n<p class=\"wp-block-paragraph\"><strong>Mais de 200 mil pessoas fizeram parte da FATACIL 2026. Mais de 200 mil raz\u00f5es para continuarmos a crescer e a construir este evento.<\/strong><\/p>\n\n\n\n<p class=\"wp-block-paragraph\">As portas encerram-se por agora, mas a contagem decrescente para a pr\u00f3xima edi\u00e7\u00e3o j\u00e1 come\u00e7ou.<\/p>\n\n\n\n<h2 class=\"wp-block-heading\">Em 2027, voltamos a encontrar-nos de 20 a 29 de agosto<\/h2>\n\n\n\n<p class=\"wp-block-paragraph\">A FATACIL regressa ao <strong>Parque Municipal de Feiras e Exposi\u00e7\u00f5es de Lagoa<\/strong> para mais dez dias de encontros, experi\u00eancias, tradi\u00e7\u00e3o e descoberta.<\/p>\n\n\n\n<p class=\"wp-block-paragraph\"><strong>Guarde as datas: 20 a 29 de agosto de 2027.<\/strong><\/p>\n\n\n\n<p class=\"wp-block-paragraph\">At\u00e9 l\u00e1, ficam as mem\u00f3rias, os momentos e as hist\u00f3rias de uma edi\u00e7\u00e3o que voltou a mostrar aquilo que torna a FATACIL t\u00e3o especial: <strong>as pessoas<\/strong>.<\/p>\n\n\n\n<p class=\"wp-block-paragraph\"><strong>Obrigado por fazerem parte da FATACIL 2026.<\/strong><\/p>\n\n\n\n<p class=\"wp-block-paragraph\"><strong>At\u00e9 2027. At\u00e9 \u00e0 pr\u00f3xima FATACIL!<\/strong><\/p>\n","protected":false},"excerpt":{"rendered":"<p>A 45.\u00aa edi\u00e7\u00e3o da FATACIL chegou ao fim depois de dez dias intensos em que Lagoa voltou a ser ponto de encontro de milhares de pessoas, numa celebra\u00e7\u00e3o da tradi\u00e7\u00e3o, cultura, artesanato, agricultura, com\u00e9rcio, ind\u00fastria, gastronomia, m\u00fasica e entretenimento. Entre&hellip;<\/p>\n","protected":false},"author":1,"featured_media":2873,"comment_status":"open","ping_status":"open","sticky":false,"template":"","format":"standard","meta":{"footnotes":""},"categories":[22],"tags":[],"class_list":["post-2872","post","type-post","status-publish","format-standard","has-post-thumbnail","hentry","category-news"],"_links":{"self":[{"href":"https:\/\/fatacil.pt\/en\/wp-json\/wp\/v2\/posts\/2872","targetHints":{"allow":["GET"]}}],"collection":[{"href":"https:\/\/fatacil.pt\/en\/wp-json\/wp\/v2\/posts"}],"about":[{"href":"https:\/\/fatacil.pt\/en\/wp-json\/wp\/v2\/types\/post"}],"author":[{"embeddable":true,"href":"https:\/\/fatacil.pt\/en\/wp-json\/wp\/v2\/users\/1"}],"replies":[{"embeddable":true,"href":"https:\/\/fatacil.pt\/en\/wp-json\/wp\/v2\/comments?post=2872"}],"version-history":[{"count":1,"href":"https:\/\/fatacil.pt\/en\/wp-json\/wp\/v2\/posts\/2872\/revisions"}],"predecessor-version":[{"id":2874,"href":"https:\/\/fatacil.pt\/en\/wp-json\/wp\/v2\/posts\/2872\/revisions\/2874"}],"wp:featuredmedia":[{"embeddable":true,"href":"https:\/\/fatacil.pt\/en\/wp-json\/wp\/v2\/media\/2873"}],"wp:attachment":[{"href":"https:\/\/fatacil.pt\/en\/wp-json\/wp\/v2\/media?parent=2872"}],"wp:term":[{"taxonomy":"category","embeddable":true,"href":"https:\/\/fatacil.pt\/en\/wp-json\/wp\/v2\/categories?post=2872"},{"taxonomy":"post_tag","embeddable":true,"href":"https:\/\/fatacil.pt\/en\/wp-json\/wp\/v2\/tags?post=2872"}],"curies":[{"name":"wp","href":"https:\/\/api.w.org\/{rel}","templated":true}]}}